{"id":2927,"date":"2023-03-10T17:29:00","date_gmt":"2023-03-10T16:29:00","guid":{"rendered":"https:\/\/www.cc4.de\/blog\/?p=2927"},"modified":"2025-01-16T17:13:48","modified_gmt":"2025-01-16T16:13:48","slug":"kunstmesse-hamburg","status":"publish","type":"post","link":"https:\/\/www.cc4.de\/blog\/2023\/03\/presse\/kunstmesse-hamburg","title":{"rendered":"Kunstmesse Hamburg"},"content":{"rendered":"\r\n<h3 class=\"wp-block-heading has-vivid-red-color has-text-color\" style=\"font-size: 18px;\">C4 auf der Kunstmesse in Hamburg<\/h3>\r\n\r\n\r\n\r\n<p style=\"font-size: 18px;\">Nehmt die Gelegenheit wahr, Euch ein paar sch\u00f6ne Tage au\u00dferhalb von big B zu g\u00f6nnen, so jung kommen wir in Hamburg nicht mehr zusammen.<br \/><br \/>Donnerstag, 9. bis Sonntag, 12. Nov 2023<\/p>\r\n\r\n\r\n\r\n<figure class=\"wp-block-image size-full\"><img loading=\"lazy\" decoding=\"async\" width=\"850\" height=\"793\" class=\"wp-image-2871\" src=\"https:\/\/www.cc4.de\/blog\/wp-content\/uploads\/2023\/10\/C4-Catherine-Bourdon-Vanitas-II-Schaedel-Bunt-2020-Oel_Acryl_Kunstharz-19x14x14cmweb.jpg\" alt=\"Catherine Bourdon, &quot;Vanitas II&quot;, 2020.\" srcset=\"https:\/\/www.cc4.de\/blog\/wp-content\/uploads\/2023\/10\/C4-Catherine-Bourdon-Vanitas-II-Schaedel-Bunt-2020-Oel_Acryl_Kunstharz-19x14x14cmweb.jpg 850w, https:\/\/www.cc4.de\/blog\/wp-content\/uploads\/2023\/10\/C4-Catherine-Bourdon-Vanitas-II-Schaedel-Bunt-2020-Oel_Acryl_Kunstharz-19x14x14cmweb-300x280.jpg 300w, https:\/\/www.cc4.de\/blog\/wp-content\/uploads\/2023\/10\/C4-Catherine-Bourdon-Vanitas-II-Schaedel-Bunt-2020-Oel_Acryl_Kunstharz-19x14x14cmweb-768x716.jpg 768w\" sizes=\"auto, (max-width: 850px) 100vw, 850px\" \/>\r\n<figcaption class=\"wp-element-caption\">Catherine Bourdon, &#8222;Vanitas II&#8220;, 2020.<\/figcaption>\r\n<\/figure>\r\n","protected":false},"excerpt":{"rendered":"<p>C4 auf der Kunstmesse in Hamburg Nehmt die Gelegenheit wahr, Euch ein paar [&hellip;]<\/p>\n","protected":false},"author":126,"featured_media":2871,"comment_status":"closed","ping_status":"open","sticky":false,"template":"","format":"standard","meta":{"_jetpack_memberships_contains_paid_content":false,"footnotes":""},"categories":[4,3],"tags":[31,175,860,349,863,866],"class_list":["post-2927","post","type-post","status-publish","format-standard","has-post-thumbnail","hentry","category-kultur","category-presse","tag-berlin","tag-c4","tag-catherine-bourdon","tag-kunst-aus-berlin","tag-totenkopf","tag-zeitgenoessische-kunst"],"jetpack_featured_media_url":"https:\/\/www.cc4.de\/blog\/wp-content\/uploads\/2023\/10\/C4-Catherine-Bourdon-Vanitas-II-Schaedel-Bunt-2020-Oel_Acryl_Kunstharz-19x14x14cmweb.jpg","jetpack_sharing_enabled":true,"_links":{"self":[{"href":"https:\/\/www.cc4.de\/blog\/wp-json\/wp\/v2\/posts\/2927","targetHints":{"allow":["GET"]}}],"collection":[{"href":"https:\/\/www.cc4.de\/blog\/wp-json\/wp\/v2\/posts"}],"about":[{"href":"https:\/\/www.cc4.de\/blog\/wp-json\/wp\/v2\/types\/post"}],"author":[{"embeddable":true,"href":"https:\/\/www.cc4.de\/blog\/wp-json\/wp\/v2\/users\/126"}],"replies":[{"embeddable":true,"href":"https:\/\/www.cc4.de\/blog\/wp-json\/wp\/v2\/comments?post=2927"}],"version-history":[{"count":1,"href":"https:\/\/www.cc4.de\/blog\/wp-json\/wp\/v2\/posts\/2927\/revisions"}],"predecessor-version":[{"id":3209,"href":"https:\/\/www.cc4.de\/blog\/wp-json\/wp\/v2\/posts\/2927\/revisions\/3209"}],"wp:featuredmedia":[{"embeddable":true,"href":"https:\/\/www.cc4.de\/blog\/wp-json\/wp\/v2\/media\/2871"}],"wp:attachment":[{"href":"https:\/\/www.cc4.de\/blog\/wp-json\/wp\/v2\/media?parent=2927"}],"wp:term":[{"taxonomy":"category","embeddable":true,"href":"https:\/\/www.cc4.de\/blog\/wp-json\/wp\/v2\/categories?post=2927"},{"taxonomy":"post_tag","embeddable":true,"href":"https:\/\/www.cc4.de\/blog\/wp-json\/wp\/v2\/tags?post=2927"}],"curies":[{"name":"wp","href":"https:\/\/api.w.org\/{rel}","templated":true}]}}